{"id":377,"date":"2014-11-06T18:20:00","date_gmt":"2014-11-06T17:20:00","guid":{"rendered":"http:\/\/fotocastro.wordpress.com\/?p=377"},"modified":"2020-04-08T23:21:57","modified_gmt":"2020-04-08T21:21:57","slug":"las-nieves-de-1976","status":"publish","type":"post","link":"http:\/\/castroalba.es\/fotocastro\/las-nieves-de-1976\/","title":{"rendered":"Las nieves de 1976"},"content":{"rendered":"<div id='gallery-1' class='gallery galleryid-377 gallery-columns-3 gallery-size-thumbnail'><figure class='gallery-item'>\n\t\t\t<div class='gallery-icon landscape'>\n\t\t\t\t<a href=\"https:\/\/i0.wp.com\/castroalba.es\/fotocastro\/wp-content\/uploads\/2014\/11\/1976_nieve_5.jpg\"><img loading=\"lazy\" decoding=\"async\" width=\"150\" height=\"150\" src=\"https:\/\/i0.wp.com\/castroalba.es\/fotocastro\/wp-content\/uploads\/2014\/11\/1976_nieve_5.jpg?resize=150%2C150\" class=\"attachment-thumbnail size-thumbnail\" alt=\"Cami\u00f3n en Pedrafita\" aria-describedby=\"gallery-1-375\" srcset=\"https:\/\/i0.wp.com\/castroalba.es\/fotocastro\/wp-content\/uploads\/2014\/11\/1976_nieve_5.jpg?resize=150%2C150 150w, https:\/\/i0.wp.com\/castroalba.es\/fotocastro\/wp-content\/uploads\/2014\/11\/1976_nieve_5.jpg?zoom=2&amp;resize=150%2C150 300w, https:\/\/i0.wp.com\/castroalba.es\/fotocastro\/wp-content\/uploads\/2014\/11\/1976_nieve_5.jpg?zoom=3&amp;resize=150%2C150 450w\" sizes=\"(max-width: 150px) 100vw, 150px\" \/><\/a>\n\t\t\t<\/div>\n\t\t\t\t<figcaption class='wp-caption-text gallery-caption' id='gallery-1-375'>\n\t\t\t\tCami\u00f3n en la plaza de Pedrafita\n\t\t\t\t<\/figcaption><\/figure><figure class='gallery-item'>\n\t\t\t<div class='gallery-icon portrait'>\n\t\t\t\t<a href=\"https:\/\/i0.wp.com\/castroalba.es\/fotocastro\/wp-content\/uploads\/2014\/11\/1976_nieve_4.jpg\"><img loading=\"lazy\" decoding=\"async\" width=\"150\" height=\"150\" src=\"https:\/\/i0.wp.com\/castroalba.es\/fotocastro\/wp-content\/uploads\/2014\/11\/1976_nieve_4.jpg?resize=150%2C150\" class=\"attachment-thumbnail size-thumbnail\" alt=\"Cam\u00f3n en Pedrafita\" aria-describedby=\"gallery-1-374\" srcset=\"https:\/\/i0.wp.com\/castroalba.es\/fotocastro\/wp-content\/uploads\/2014\/11\/1976_nieve_4.jpg?resize=150%2C150 150w, https:\/\/i0.wp.com\/castroalba.es\/fotocastro\/wp-content\/uploads\/2014\/11\/1976_nieve_4.jpg?zoom=2&amp;resize=150%2C150 300w\" sizes=\"(max-width: 150px) 100vw, 150px\" \/><\/a>\n\t\t\t<\/div>\n\t\t\t\t<figcaption class='wp-caption-text gallery-caption' id='gallery-1-374'>\n\t\t\t\tNieve al lado del Restaurante La Ruta\n\t\t\t\t<\/figcaption><\/figure><figure class='gallery-item'>\n\t\t\t<div class='gallery-icon landscape'>\n\t\t\t\t<a href=\"https:\/\/i0.wp.com\/castroalba.es\/fotocastro\/wp-content\/uploads\/2014\/11\/1976_nieve_3.jpg\"><img loading=\"lazy\" decoding=\"async\" width=\"150\" height=\"150\" src=\"https:\/\/i0.wp.com\/castroalba.es\/fotocastro\/wp-content\/uploads\/2014\/11\/1976_nieve_3.jpg?resize=150%2C150\" class=\"attachment-thumbnail size-thumbnail\" alt=\"Cami\u00f3n en la Gasolinera\" aria-describedby=\"gallery-1-373\" srcset=\"https:\/\/i0.wp.com\/castroalba.es\/fotocastro\/wp-content\/uploads\/2014\/11\/1976_nieve_3.jpg?resize=150%2C150 150w, https:\/\/i0.wp.com\/castroalba.es\/fotocastro\/wp-content\/uploads\/2014\/11\/1976_nieve_3.jpg?zoom=2&amp;resize=150%2C150 300w, https:\/\/i0.wp.com\/castroalba.es\/fotocastro\/wp-content\/uploads\/2014\/11\/1976_nieve_3.jpg?zoom=3&amp;resize=150%2C150 450w\" sizes=\"(max-width: 150px) 100vw, 150px\" \/><\/a>\n\t\t\t<\/div>\n\t\t\t\t<figcaption class='wp-caption-text gallery-caption' id='gallery-1-373'>\n\t\t\t\tCami\u00f3n parado por la viene en la gasolinera\n\t\t\t\t<\/figcaption><\/figure><figure class='gallery-item'>\n\t\t\t<div class='gallery-icon portrait'>\n\t\t\t\t<a href=\"https:\/\/i0.wp.com\/castroalba.es\/fotocastro\/wp-content\/uploads\/2014\/11\/1976_nieve_1.jpg\"><img loading=\"lazy\" decoding=\"async\" width=\"150\" height=\"150\" src=\"https:\/\/i0.wp.com\/castroalba.es\/fotocastro\/wp-content\/uploads\/2014\/11\/1976_nieve_1.jpg?resize=150%2C150\" class=\"attachment-thumbnail size-thumbnail\" alt=\"Neve en O Cebreiro\" aria-describedby=\"gallery-1-372\" srcset=\"https:\/\/i0.wp.com\/castroalba.es\/fotocastro\/wp-content\/uploads\/2014\/11\/1976_nieve_1.jpg?resize=150%2C150 150w, https:\/\/i0.wp.com\/castroalba.es\/fotocastro\/wp-content\/uploads\/2014\/11\/1976_nieve_1.jpg?zoom=2&amp;resize=150%2C150 300w\" sizes=\"(max-width: 150px) 100vw, 150px\" \/><\/a>\n\t\t\t<\/div>\n\t\t\t\t<figcaption class='wp-caption-text gallery-caption' id='gallery-1-372'>\n\t\t\t\tAmenazando al fot\u00f3grafo con un poco de nieve\n\t\t\t\t<\/figcaption><\/figure><figure class='gallery-item'>\n\t\t\t<div class='gallery-icon portrait'>\n\t\t\t\t<a href=\"https:\/\/i0.wp.com\/castroalba.es\/fotocastro\/wp-content\/uploads\/2014\/11\/76.jpg\"><img loading=\"lazy\" decoding=\"async\" width=\"150\" height=\"150\" src=\"https:\/\/i0.wp.com\/castroalba.es\/fotocastro\/wp-content\/uploads\/2014\/11\/76.jpg?resize=150%2C150\" class=\"attachment-thumbnail size-thumbnail\" alt=\"\" aria-describedby=\"gallery-1-371\" srcset=\"https:\/\/i0.wp.com\/castroalba.es\/fotocastro\/wp-content\/uploads\/2014\/11\/76.jpg?resize=150%2C150 150w, https:\/\/i0.wp.com\/castroalba.es\/fotocastro\/wp-content\/uploads\/2014\/11\/76.jpg?zoom=2&amp;resize=150%2C150 300w, https:\/\/i0.wp.com\/castroalba.es\/fotocastro\/wp-content\/uploads\/2014\/11\/76.jpg?zoom=3&amp;resize=150%2C150 450w\" sizes=\"(max-width: 150px) 100vw, 150px\" \/><\/a>\n\t\t\t<\/div>\n\t\t\t\t<figcaption class='wp-caption-text gallery-caption' id='gallery-1-371'>\n\t\t\t\tPosando ante la nieve\n\t\t\t\t<\/figcaption><\/figure><figure class='gallery-item'>\n\t\t\t<div class='gallery-icon portrait'>\n\t\t\t\t<a href=\"https:\/\/i0.wp.com\/castroalba.es\/fotocastro\/wp-content\/uploads\/2014\/11\/1976_nieve_6.jpg\"><img loading=\"lazy\" decoding=\"async\" width=\"150\" height=\"150\" src=\"https:\/\/i0.wp.com\/castroalba.es\/fotocastro\/wp-content\/uploads\/2014\/11\/1976_nieve_6.jpg?resize=150%2C150\" class=\"attachment-thumbnail size-thumbnail\" alt=\"\" aria-describedby=\"gallery-1-370\" srcset=\"https:\/\/i0.wp.com\/castroalba.es\/fotocastro\/wp-content\/uploads\/2014\/11\/1976_nieve_6.jpg?resize=150%2C150 150w, https:\/\/i0.wp.com\/castroalba.es\/fotocastro\/wp-content\/uploads\/2014\/11\/1976_nieve_6.jpg?zoom=2&amp;resize=150%2C150 300w\" sizes=\"(max-width: 150px) 100vw, 150px\" \/><\/a>\n\t\t\t<\/div>\n\t\t\t\t<figcaption class='wp-caption-text gallery-caption' id='gallery-1-370'>\n\t\t\t\tJugando con la nieve anteel Santuario de O Cebreiro\n\t\t\t\t<\/figcaption><\/figure>\n\t\t<\/div>\n\n<p>Llegaron los primeros copos de nieve a la comarca de Pedrafita. Recordamos como la nieve afectaba al puerto en 1976 cuando los camiones ten\u00edan que hacer un alto en su viaje por la cantidad de nieve que les imped\u00eda avanzar: Repostaban y repon\u00edan fuerzas en el restaurante \u00abLa Ruta\u00bb. Tambi\u00e9n hab\u00eda nieve en O Cebreiro y aqu\u00ed se lo tomaban con humor.<\/p>\n","protected":false},"excerpt":{"rendered":"<p>En 1976 la nieve ten\u00eda especial incidencia en Pedrafita y provocada paradas de camiones, que quedaban bloqueados, pero tambi\u00e9n hab\u00eda toiempo para la diversi\u00f3n.<\/p>\n","protected":false},"author":1,"featured_media":372,"comment_status":"open","ping_status":"open","sticky":false,"template":"","format":"standard","meta":{"_jetpack_memberships_contains_paid_content":false,"footnotes":""},"categories":[15],"tags":[31,37,79,105],"jetpack_sharing_enabled":true,"jetpack_featured_media_url":"https:\/\/i0.wp.com\/castroalba.es\/fotocastro\/wp-content\/uploads\/2014\/11\/1976_nieve_1.jpg?fit=417%2C600","_links":{"self":[{"href":"http:\/\/castroalba.es\/fotocastro\/wp-json\/wp\/v2\/posts\/377"}],"collection":[{"href":"http:\/\/castroalba.es\/fotocastro\/wp-json\/wp\/v2\/posts"}],"about":[{"href":"http:\/\/castroalba.es\/fotocastro\/wp-json\/wp\/v2\/types\/post"}],"author":[{"embeddable":true,"href":"http:\/\/castroalba.es\/fotocastro\/wp-json\/wp\/v2\/users\/1"}],"replies":[{"embeddable":true,"href":"http:\/\/castroalba.es\/fotocastro\/wp-json\/wp\/v2\/comments?post=377"}],"version-history":[{"count":1,"href":"http:\/\/castroalba.es\/fotocastro\/wp-json\/wp\/v2\/posts\/377\/revisions"}],"predecessor-version":[{"id":390,"href":"http:\/\/castroalba.es\/fotocastro\/wp-json\/wp\/v2\/posts\/377\/revisions\/390"}],"wp:featuredmedia":[{"embeddable":true,"href":"http:\/\/castroalba.es\/fotocastro\/wp-json\/wp\/v2\/media\/372"}],"wp:attachment":[{"href":"http:\/\/castroalba.es\/fotocastro\/wp-json\/wp\/v2\/media?parent=377"}],"wp:term":[{"taxonomy":"category","embeddable":true,"href":"http:\/\/castroalba.es\/fotocastro\/wp-json\/wp\/v2\/categories?post=377"},{"taxonomy":"post_tag","embeddable":true,"href":"http:\/\/castroalba.es\/fotocastro\/wp-json\/wp\/v2\/tags?post=377"}],"curies":[{"name":"wp","href":"https:\/\/api.w.org\/{rel}","templated":true}]}}