{"id":469,"date":"2015-01-31T16:28:26","date_gmt":"2015-01-31T16:28:26","guid":{"rendered":"http:\/\/castroalba.es\/fotocastro\/?p=469"},"modified":"2015-01-31T17:09:49","modified_gmt":"2015-01-31T17:09:49","slug":"cristo-de-o-cebreiro","status":"publish","type":"post","link":"http:\/\/castroalba.es\/fotocastro\/cristo-de-o-cebreiro\/","title":{"rendered":"Cristo de O Cebreiro 2002-2014"},"content":{"rendered":"<p style=\"text-align: justify;\"><a href=\"https:\/\/i0.wp.com\/castroalba.es\/fotocastro\/wp-content\/uploads\/2015\/01\/cristo_cebreiro_2002.jpg\"><img data-recalc-dims=\"1\" loading=\"lazy\" decoding=\"async\" class=\" wp-image-475 size-full aligncenter\" src=\"https:\/\/i0.wp.com\/castroalba.es\/fotocastro\/wp-content\/uploads\/2015\/01\/cristo_cebreiro_2002.jpg?resize=640%2C853\" alt=\"Cristo de O Cebreiro\" width=\"640\" height=\"853\" srcset=\"https:\/\/i0.wp.com\/castroalba.es\/fotocastro\/wp-content\/uploads\/2015\/01\/cristo_cebreiro_2002.jpg?w=700 700w, https:\/\/i0.wp.com\/castroalba.es\/fotocastro\/wp-content\/uploads\/2015\/01\/cristo_cebreiro_2002.jpg?resize=225%2C300 225w\" sizes=\"(max-width: 640px) 100vw, 640px\" \/><\/a>Estos d\u00edas est\u00e1 de actualidad el Cristo de O Cebreiro. En la memoria popular est\u00e1 presente que se trata de una reproducci\u00f3n de un original del que hoy no se sabe exactamente su ubicaci\u00f3n. Hay investigadores que incluso llegan a afirmar que puede que el que se encuentra hoy en el altar mayor sea realmente el original. Esta foto refleja el aspecto de c\u00f3mo se pod\u00eda ver el Cristo en 2002. Y a continuaci\u00f3n, comparamos con el aspecto actual:<!--more--><\/p>\n<p style=\"text-align: justify;\"><a href=\"https:\/\/i0.wp.com\/castroalba.es\/fotocastro\/wp-content\/uploads\/2015\/01\/cristo_actual.jpg\"><img data-recalc-dims=\"1\" loading=\"lazy\" decoding=\"async\" class=\" wp-image-467 size-large aligncenter\" title=\"Cristo de O Cebreiro\" src=\"https:\/\/i0.wp.com\/castroalba.es\/fotocastro\/wp-content\/uploads\/2015\/01\/cristo_actual.jpg?resize=640%2C943\" alt=\"cristo_actual\" width=\"640\" height=\"943\" srcset=\"https:\/\/i0.wp.com\/castroalba.es\/fotocastro\/wp-content\/uploads\/2015\/01\/cristo_actual.jpg?resize=695%2C1024 695w, https:\/\/i0.wp.com\/castroalba.es\/fotocastro\/wp-content\/uploads\/2015\/01\/cristo_actual.jpg?resize=204%2C300 204w, https:\/\/i0.wp.com\/castroalba.es\/fotocastro\/wp-content\/uploads\/2015\/01\/cristo_actual.jpg?w=700 700w\" sizes=\"(max-width: 640px) 100vw, 640px\" \/><\/a><\/p>\n","protected":false},"excerpt":{"rendered":"<p>Estos d\u00edas est\u00e1 de actualidad el Cristo de O Cebreiro. En la memoria popular est\u00e1&#8230;<\/p>\n","protected":false},"author":1,"featured_media":466,"comment_status":"open","ping_status":"open","sticky":false,"template":"","format":"standard","meta":{"_jetpack_memberships_contains_paid_content":false,"footnotes":""},"categories":[4],"tags":[37,121,122],"jetpack_sharing_enabled":true,"jetpack_featured_media_url":"https:\/\/i0.wp.com\/castroalba.es\/fotocastro\/wp-content\/uploads\/2015\/01\/cristo_anos_70.jpg?fit=700%2C1015","_links":{"self":[{"href":"http:\/\/castroalba.es\/fotocastro\/wp-json\/wp\/v2\/posts\/469"}],"collection":[{"href":"http:\/\/castroalba.es\/fotocastro\/wp-json\/wp\/v2\/posts"}],"about":[{"href":"http:\/\/castroalba.es\/fotocastro\/wp-json\/wp\/v2\/types\/post"}],"author":[{"embeddable":true,"href":"http:\/\/castroalba.es\/fotocastro\/wp-json\/wp\/v2\/users\/1"}],"replies":[{"embeddable":true,"href":"http:\/\/castroalba.es\/fotocastro\/wp-json\/wp\/v2\/comments?post=469"}],"version-history":[{"count":7,"href":"http:\/\/castroalba.es\/fotocastro\/wp-json\/wp\/v2\/posts\/469\/revisions"}],"predecessor-version":[{"id":477,"href":"http:\/\/castroalba.es\/fotocastro\/wp-json\/wp\/v2\/posts\/469\/revisions\/477"}],"wp:featuredmedia":[{"embeddable":true,"href":"http:\/\/castroalba.es\/fotocastro\/wp-json\/wp\/v2\/media\/466"}],"wp:attachment":[{"href":"http:\/\/castroalba.es\/fotocastro\/wp-json\/wp\/v2\/media?parent=469"}],"wp:term":[{"taxonomy":"category","embeddable":true,"href":"http:\/\/castroalba.es\/fotocastro\/wp-json\/wp\/v2\/categories?post=469"},{"taxonomy":"post_tag","embeddable":true,"href":"http:\/\/castroalba.es\/fotocastro\/wp-json\/wp\/v2\/tags?post=469"}],"curies":[{"name":"wp","href":"https:\/\/api.w.org\/{rel}","templated":true}]}}